[{"@context":"https:\/\/schema.org\/","@type":"Article","@id":"https:\/\/www.tchas.cz\/vytvorte-si-jaro-u-vas-doma\/#Article","mainEntityOfPage":"https:\/\/www.tchas.cz\/vytvorte-si-jaro-u-vas-doma\/","headline":"Vytvo\u0159te si jaro u v\u00e1s doma","name":"Vytvo\u0159te si jaro u v\u00e1s doma","description":"Vytvo\u0159it si jarn\u00ed atmosf\u00e9ru u sebe doma nen\u00ed v\u016fbec t\u011b\u017ek\u00e9. Kyti\u010dka pestr\u00fdch barev n\u00e1m zlep\u0161\u00ed..","datePublished":"2023-04-29","dateModified":"2023-04-29","author":{"@type":"Person","@id":"https:\/\/www.tchas.cz\/author\/#Person","name":"tchas.cz\n","url":"https:\/\/www.tchas.cz\/author\/","identifier":1,"image":{"@type":"ImageObject","@id":"https:\/\/secure.gravatar.com\/avatar\/1fd5b20daa9a47a1102459a7c733d369075d8cc724ab489feb8ed72c657d346e?s=96&d=mm&r=g","url":"https:\/\/secure.gravatar.com\/avatar\/1fd5b20daa9a47a1102459a7c733d369075d8cc724ab489feb8ed72c657d346e?s=96&d=mm&r=g","height":96,"width":96}},"publisher":{"@type":"Organization","name":"tchas.cz","logo":{"@type":"ImageObject","@id":"\/logo.png","url":"\/logo.png","width":600,"height":60}},"url":"https:\/\/www.tchas.cz\/vytvorte-si-jaro-u-vas-doma\/","about":["Bydlen\u00ed"],"wordCount":415,"articleBody":"Vytvo\u0159it si jarn\u00ed atmosf\u00e9ru u sebe doma nen\u00ed v\u016fbec t\u011b\u017ek\u00e9. Kyti\u010dka pestr\u00fdch barev n\u00e1m zlep\u0161\u00ed n\u00e1ladu a pom\u016f\u017ee n\u00e1m sn\u00e1ze se rozlou\u010dit se zimou. Jarn\u00ed kv\u011btiny se budou \u00fa\u017easn\u011b vyj\u00edmat t\u0159eba na stole, na okn\u011b nebo na terase. Po\u0159i\u010fte si primulky nebo krokusy, k\u00a0tomu trochu vlastn\u00ed kreativity, a m\u016f\u017eete si jaro u v\u00e1s doma vytvo\u0159it sami.Jarn\u00ed kv\u011btinky si m\u016f\u017eete naaran\u017eovat do jak\u00fdchkoliv kv\u011btin\u00e1\u010d\u016f, prout\u011bn\u00fdch ko\u0161\u00edk\u016f nebo sklen\u011bn\u00fdch n\u00e1dob. Ka\u017ed\u00e9mu se dom\u016f hod\u00ed n\u011bco jin\u00e9ho, tak\u017ee si vyberte podle sv\u00e9ho, kam kyti\u010dky vysad\u00edte. K\u00a0tomu m\u016f\u017eete vyu\u017e\u00edt cel\u00e9 \u0159ady dekora\u010dn\u00edch misti\u010dek, t\u00e1ck\u016f, kyti\u010dek, pt\u00e1\u010dk\u016f, tr\u00e1vy a jin\u00fdch jarn\u00edch ozdob. Volit m\u016f\u017eete bu\u010fto r\u016fzn\u011b pestrobarevn\u00e9 kombinace, nebo dekorace v\u00a0barv\u011b va\u0161eho interi\u00e9ru.V\u00a0kv\u011btin\u00e1\u010d\u00edch se v\u00e1m budou kr\u00e1sn\u011b vyj\u00edmat pr\u00e1v\u011b primulky nebo krokusy. Jejich \u00fa\u017easn\u00e1 barevn\u00e1 pestr\u00e1 nab\u00eddka zp\u0159\u00edjemn\u00ed i tmav\u0161\u00ed kouty va\u0161eho obydl\u00ed. D\u00edky nim si vysad\u00edte jaro a budete se moci radovat z\u00a0p\u0159ekr\u00e1sn\u00e9 atmosf\u00e9ry. M\u016f\u017eete tedy za\u010d\u00edt tvo\u0159it.VESEL\u00c1 DOM\u00c1C\u00cd ZAHR\u00c1DKAVezm\u011bte si p\u0159ipravenou n\u00e1dobku, a jej\u00ed dno pokryjte drobn\u00fdmi kam\u00ednky, kter\u00e9 budou plnit funkci dren\u00e1\u017ee. Na n\u011b rozm\u00edst\u011bte kv\u011btinky a zasypte je zeminou. Povrch m\u016f\u017eete jen urovnat, p\u0159\u00edpadn\u011b zakr\u00fdt mechem, k\u016frou nebo b\u00edl\u00fdmi kam\u00ednky. V\u00fdsadbu zalijte a nechte asi t\u00fdden aklimatizovat. Mezit\u00edm si venku natrhejte v\u011btvi\u010dky zlat\u00e9ho de\u0161t\u011b, b\u0159\u00edzy, trnky, t\u0159e\u0161n\u011b nebo vrby. Ty nechte ve v\u00e1ze p\u00e1r dn\u00ed, a\u017e se na nich za\u010dnou vytv\u00e1\u0159et zelen\u00e9 l\u00edste\u010dky a pupeny. To bude ten spr\u00e1vn\u00fd \u010das pro dopln\u011bn\u00ed aran\u017em\u00e1 vys\u00e1zen\u00fdch kyti\u010dek. Aran\u017eujte po obvodu kv\u011btin\u00e1\u010de \u010di misky. M\u016f\u017eete v\u011btvi\u010dky tak\u00e9 r\u016fzn\u011b sv\u00e1zat jutou nebo l\u00fdkem. P\u0159idat m\u016f\u017eete i jehli\u010dnat\u00e9 v\u011btvi\u010dky. Dob\u0159e vyj\u00edmat se budou ve v\u00fdzdob\u011b tak\u00e9 r\u016fzn\u00e9 ma\u0161li\u010dky, pe\u0159\u00ed\u010dka \u010di pt\u00e1\u010dci. Kreativit\u011b se meze nekladou, proto si vytvo\u0159te origin\u00e1ln\u00ed v\u00fdzdobu podle vlastn\u00ed fantazie.                                                                                                                                                                                                                                                                                                                                                                                        4.4\/5 - (7 votes)        "},{"@context":"https:\/\/schema.org\/","@type":"BreadcrumbList","itemListElement":[{"@type":"ListItem","position":1,"name":"Vytvo\u0159te si jaro u v\u00e1s doma","item":"https:\/\/www.tchas.cz\/vytvorte-si-jaro-u-vas-doma\/#breadcrumbitem"}]}]