[{"@context":"https:\/\/schema.org\/","@type":"Article","@id":"https:\/\/www.tchas.cz\/pronajem-chata\/#Article","mainEntityOfPage":"https:\/\/www.tchas.cz\/pronajem-chata\/","headline":"Pron\u00e1jem chata","name":"Pron\u00e1jem chata","description":"R\u00e1di byste str\u00e1vili v\u00edkend, nebo rovnou celou dovolenou v \u010cesk\u00e9 republice, na Morav\u011b, nebo na..","datePublished":"2025-02-27","dateModified":"2025-02-27","author":{"@type":"Person","@id":"https:\/\/www.tchas.cz\/author\/#Person","name":"tchas.cz\n","url":"https:\/\/www.tchas.cz\/author\/","identifier":1,"image":{"@type":"ImageObject","@id":"https:\/\/secure.gravatar.com\/avatar\/1fd5b20daa9a47a1102459a7c733d369075d8cc724ab489feb8ed72c657d346e?s=96&d=mm&r=g","url":"https:\/\/secure.gravatar.com\/avatar\/1fd5b20daa9a47a1102459a7c733d369075d8cc724ab489feb8ed72c657d346e?s=96&d=mm&r=g","height":96,"width":96}},"publisher":{"@type":"Organization","name":"tchas.cz","logo":{"@type":"ImageObject","@id":"\/logo.png","url":"\/logo.png","width":600,"height":60}},"url":"https:\/\/www.tchas.cz\/pronajem-chata\/","wordCount":206,"articleBody":" R\u00e1di byste str\u00e1vili v\u00edkend, nebo rovnou celou dovolenou v \u010cesk\u00e9 republice, na Morav\u011b, nebo na Slovensku? Nab\u00edz\u00edme v\u00e1m zde pron\u00e1jem chata. Chaty a chalupy zaru\u010duj\u00ed soukrom\u00ed, kdy si sv\u016fj denn\u00ed a no\u010dn\u00ed re\u017eim m\u016f\u017eete \u0159\u00eddit \u010dist\u011b podle sv\u00e9ho. Nikdo v\u00e1s o va\u0161em volnu nebude ru\u0161it.Pron\u00e1jem chata m\u016f\u017eete vyu\u017e\u00edt celoro\u010dn\u011b. Chod\u00edte-li r\u00e1di na houby, na bor\u016fvky, hled\u00e1te-li ubytov\u00e1n\u00ed u vody, tak v\u011bzte, \u017ee na na\u0161ich str\u00e1nk\u00e1ch je najdete. Na sv\u00e9 si zde p\u0159ijdou i milovn\u00edci zimn\u00edch sport\u016f a oslav nov\u00e9ho roku. A\u0165 je v\u00e1\u0161 \u00fa\u010del pobytu jak\u00fdkoliv, u n\u00e1s si na sv\u00e9 p\u0159ijde ka\u017ed\u00fd. Jak vybrat Pron\u00e1jem chata si m\u016f\u017eete vybrat na na\u0161ich str\u00e1nk\u00e1ch, kde se krom\u011b fotografi\u00ed, dozv\u00edte i dal\u0161\u00ed informace, kter\u00e9 v\u00e1s budou zaj\u00edmat. S v\u00fdb\u011brem v\u00e1m m\u016f\u017eeme pomoci i my a to p\u0159edev\u0161\u00edm proto, \u017ee v\u011bt\u0161inu objekt\u016f zn\u00e1me a tak v\u00edme, co nab\u00edz\u00edme. Ubytujte se i se sv\u00fdm dom\u00e1c\u00edm mazl\u00ed\u010dkem.                                                                                                                                                                                                                                                                                                                                                                                        5\/5 - (1 vote)        "},{"@context":"https:\/\/schema.org\/","@type":"BreadcrumbList","itemListElement":[{"@type":"ListItem","position":1,"name":"Pron\u00e1jem chata","item":"https:\/\/www.tchas.cz\/pronajem-chata\/#breadcrumbitem"}]}]