[{"@context":"https:\/\/schema.org\/","@type":"Article","@id":"https:\/\/www.tchas.cz\/poslednich-par-let-nasi-ekonomiky\/#Article","mainEntityOfPage":"https:\/\/www.tchas.cz\/poslednich-par-let-nasi-ekonomiky\/","headline":"Posledn\u00edch p\u00e1r let na\u0161\u00ed ekonomiky","name":"Posledn\u00edch p\u00e1r let na\u0161\u00ed ekonomiky","description":"Nejhor\u0161\u00ed obdob\u00ed Posledn\u00ed krize byla n\u011bkdy kolem roku 2012. V\u00a0tuto dobu nebylo mo\u017en\u00e9 naj\u00edt si..","datePublished":"2025-03-06","dateModified":"2023-04-29","author":{"@type":"Person","@id":"https:\/\/www.tchas.cz\/author\/#Person","name":"tchas.cz\n","url":"https:\/\/www.tchas.cz\/author\/","identifier":1,"image":{"@type":"ImageObject","@id":"https:\/\/secure.gravatar.com\/avatar\/1fd5b20daa9a47a1102459a7c733d369075d8cc724ab489feb8ed72c657d346e?s=96&d=mm&r=g","url":"https:\/\/secure.gravatar.com\/avatar\/1fd5b20daa9a47a1102459a7c733d369075d8cc724ab489feb8ed72c657d346e?s=96&d=mm&r=g","height":96,"width":96}},"publisher":{"@type":"Organization","name":"tchas.cz","logo":{"@type":"ImageObject","@id":"\/logo.png","url":"\/logo.png","width":600,"height":60}},"image":{"@type":"ImageObject","@id":"https:\/\/www.tchas.cz\/wp-content\/uploads\/img_a335067_w1956_t1548484768.jpg","url":"https:\/\/www.tchas.cz\/wp-content\/uploads\/img_a335067_w1956_t1548484768.jpg","height":0,"width":0},"url":"https:\/\/www.tchas.cz\/poslednich-par-let-nasi-ekonomiky\/","about":["Ekonomika"],"wordCount":426,"articleBody":"Nejhor\u0161\u00ed obdob\u00ed Posledn\u00ed krize byla n\u011bkdy kolem roku 2012. V\u00a0tuto dobu nebylo mo\u017en\u00e9 naj\u00edt si pr\u00e1ci a u\u017e v\u016fbec ne dostate\u010dn\u011b finan\u010dn\u011b ohodnocenou. Studenti, kte\u0159\u00ed zrovna dostudovali nem\u011bli \u017e\u00e1dnou \u0161anci, proto\u017ee pokud u\u017e n\u011bjak\u00e1 firma o zam\u011bstnance st\u00e1la, tak byla v\u017edy podm\u00ednkou dlouholet\u00e1 praxe. Nav\u00edc i pokud jste pr\u00e1ci nakonec z\u00edskali, neodpov\u00eddala v\u011bt\u0161inou ani va\u0161emu zam\u011b\u0159en\u00ed ani vzd\u011bl\u00e1n\u00ed.Zlom Kolem roku 2015 se za\u010dala pomalu situace uklid\u0148ovat a um\u00edr\u0148ovat, spousta firem z\u00edskala na sv\u016fj rozvoj dotace od Evropsk\u00e9 unie, nab\u00edrali nov\u00e9 zam\u011bstnance, proto\u017ee na to m\u011bli prost\u0159edky, Trh se pomalu zase napl\u0148oval voln\u00fdmi pracovn\u00edmi pozicemi.Nejlep\u0161\u00ed obdob\u00ed Te\u010f u\u017e m\u00e1me rok 2019. Jestli tak trochu sledujete nab\u00eddky zam\u011bstn\u00e1n\u00ed a voln\u00fdch pracovn\u00edch m\u00edst, tak v\u00edte \u017ee je jich plno. Je neskute\u010dn\u00e9 kolik jich ka\u017ed\u00fd den p\u0159ibude. Nab\u00edzen\u00e9 platy jsou velmi l\u00e1kav\u00e9 a \u010dlov\u011bk by a\u017e za\u010dal uva\u017eovat, \u017ee p\u016fjde hned do jin\u00e9ho zam\u011bstn\u00e1n\u00ed.Platy dnes versus 2012V\u00a0obdob\u00ed, kdy nebyla pr\u00e1ce, nebyly ani nejlep\u0161\u00ed platov\u00e9 podm\u00ednky. Ka\u017ed\u00fd z\u00a0n\u00e1s v\u0161ak byl r\u00e1d alespo\u0148 za n\u011bjakou nab\u00eddku a vzal ji i za minim\u00e1ln\u00ed mzdu. Postupem \u010dasu mi v\u0161ak za\u010dalo p\u0159ipadat, \u017ee toho za\u010dali zam\u011bstnavatel\u00e9 zneu\u017e\u00edvat. P\u0159esto, \u017ee krize byla d\u00e1vno pry\u010d, platy byly st\u00e1le stejn\u00e9. Je\u0161t\u011b co nebylo jist\u011b zcela adekv\u00e1tn\u00ed bylo to: \u201ePokud se ti nel\u00edb\u00ed, m\u016f\u017ee\u0161 j\u00edt pry\u010d za branou stoj\u00ed plno lid\u00ed, co pr\u00e1ci pot\u0159ebuj\u00ed.\u201c \u2013 takhle s\u00a0n\u00e1mi jednali na\u0161i chlebod\u00e1rci.Jak je tomu v\u0161ak dnes? Nab\u00eddek pr\u00e1ce je plno. Firmy by se o zam\u011bstnance snad poprali. Nemaj\u00ed probl\u00e9m s\u00a0t\u00edm zam\u011bstnat a za\u0161kolit si \u010derstv\u00e9 absolventy, ba naopak, n\u011bkte\u0159\u00ed to dokonce up\u0159ednost\u0148uj\u00ed.Jen ty platy v\u00a0n\u011bkter\u00fdch kraj\u00edch jsou bohu\u017eel st\u00e1le na n\u011bjak\u00e9 \u0161patn\u00e9 \u00farovni a ur\u010dit\u011b neodpov\u00eddaj\u00ed celorepublikov\u00e9mu pr\u016fm\u011bru, ale bohu\u017eel se k\u00a0n\u011bmu ani zd\u00e1nliv\u011b nep\u0159ibli\u017euj\u00ed. Jsou u n\u00e1s st\u00e1le je\u0161t\u011b m\u00edsta, kde maj\u00ed zam\u011bstnanci sotva polovinu z\u00a0pr\u016fm\u011brn\u00e9ho platu a to je v\u00a0dne\u0161n\u00ed dob\u011b v\u00edce ne\u017e smutn\u00e9.                                                                                                                                                                                                                                                                                                                                                                                        5\/5 - (4 votes)        "},{"@context":"https:\/\/schema.org\/","@type":"BreadcrumbList","itemListElement":[{"@type":"ListItem","position":1,"name":"Posledn\u00edch p\u00e1r let na\u0161\u00ed ekonomiky","item":"https:\/\/www.tchas.cz\/poslednich-par-let-nasi-ekonomiky\/#breadcrumbitem"}]}]