[{"@context":"https:\/\/schema.org\/","@type":"Article","@id":"https:\/\/www.tchas.cz\/neni-se-za-co-stydet\/#Article","mainEntityOfPage":"https:\/\/www.tchas.cz\/neni-se-za-co-stydet\/","headline":"Nen\u00ed se za co styd\u011bt","name":"Nen\u00ed se za co styd\u011bt","description":"To, \u017ee se v\u00e1m doma rozmno\u017eily \u0161t\u011bnice, nen\u00ed \u017e\u00e1dn\u00fd d\u016fkaz o tom, \u017ee \u017eijete ve..","datePublished":"2023-08-09","dateModified":"2023-08-09","author":{"@type":"Person","@id":"https:\/\/www.tchas.cz\/author\/#Person","name":"tchas.cz\n","url":"https:\/\/www.tchas.cz\/author\/","identifier":1,"image":{"@type":"ImageObject","@id":"https:\/\/secure.gravatar.com\/avatar\/1fd5b20daa9a47a1102459a7c733d369075d8cc724ab489feb8ed72c657d346e?s=96&d=mm&r=g","url":"https:\/\/secure.gravatar.com\/avatar\/1fd5b20daa9a47a1102459a7c733d369075d8cc724ab489feb8ed72c657d346e?s=96&d=mm&r=g","height":96,"width":96}},"publisher":{"@type":"Organization","name":"tchas.cz","logo":{"@type":"ImageObject","@id":"\/logo.png","url":"\/logo.png","width":600,"height":60}},"url":"https:\/\/www.tchas.cz\/neni-se-za-co-stydet\/","wordCount":269,"articleBody":"To, \u017ee se v\u00e1m doma rozmno\u017eily \u0161t\u011bnice, nen\u00ed \u017e\u00e1dn\u00fd d\u016fkaz o tom, \u017ee \u017eijete ve \u0161p\u00edn\u011b. Sv\u011bd\u010d\u00ed to pouze o tom, \u017ee jste si je odn\u011bkud p\u0159inesli. Vzhledem k tomu, \u017ee jsou to tvorov\u00e9 nen\u00e1padn\u00ed, tak si na\u0161li sv\u00e9 obl\u00edben\u00e9 \u00fakryty a vy jste o jejich p\u0159\u00edtomnosti dlouho nem\u011bli sebemen\u0161\u00ed tu\u0161en\u00ed. Aktivn\u00ed jsou pouze v noci a nechaj\u00ed v\u00e1m o tom jasn\u00e9 sv\u011bdectv\u00ed. Ale vzhledem k tomu, \u017ee je jejich kousnut\u00ed snadno zam\u011bniteln\u00e9 s kom\u00e1rem tak ani to nen\u00ed sign\u00e1l pro rostouc\u00ed nebezpe\u010d\u00ed. Jejich p\u0159emno\u017een\u00ed tak naprosto nic nebr\u00e1n\u00ed. A stejn\u011b byste mu nedok\u00e1zali dostate\u010dn\u011b \u00fa\u010dinn\u011b zabr\u00e1nit. Jedin\u011b profesion\u00e1ln\u00ed slu\u017eby specializovan\u00e9 firmy jsou t\u00edm, co v\u00e1s tohoto probl\u00e9mu definitivn\u011b zbav\u00ed.\tPerfektn\u00ed servisVyu\u017eijte slu\u017eeb odborn\u00edk\u016f a zbavte se \u0161t\u011bnicjednou prov\u017edy. P\u0159esta\u0148te se sna\u017eit vy\u0159e\u0161it tento probl\u00e9m n\u00e1kupem prost\u0159edk\u016f v drogerii. Vyhnat tohoto \u0161k\u016fdce nen\u00ed toti\u017e \u00fakol jednoduch\u00fd a je k n\u011bmu zapot\u0159eb\u00ed mnohem v\u00edc, ne\u017e nab\u00edz\u00ed sortiment drogeri\u00ed. S profesion\u00e1ly firmy DeraPlus p\u016fjde v\u0161echno rychle a v\u00fdsledek je zaru\u010den\u00fd. Zku\u0161enosti, vysok\u00e1 odbornost a jako zbra\u0148 nejnov\u011bj\u0161\u00ed laboratorn\u011b testovan\u00e9 prost\u0159edky vytv\u00e1\u0159ej\u00ed optim\u00e1ln\u00ed kombinaci pro slu\u017eby na \u0161pi\u010dkov\u00e9 \u00farovni. Firma poskytuje sv\u00e9 slu\u017eby nejen r\u016fzn\u00fdm instituc\u00edm, ale spolehliv\u011b \u0159e\u0161\u00ed i probl\u00e9my se \u0161k\u016fdci v dom\u00e1cnostech. Diskr\u00e9tnost je v\u017edy zachov\u00e1na.                                                                                                                                                                                                                                                                                                                                                                                        4\/5 - (11 votes)        "},{"@context":"https:\/\/schema.org\/","@type":"BreadcrumbList","itemListElement":[{"@type":"ListItem","position":1,"name":"Nen\u00ed se za co styd\u011bt","item":"https:\/\/www.tchas.cz\/neni-se-za-co-stydet\/#breadcrumbitem"}]}]