[{"@context":"https:\/\/schema.org\/","@type":"Article","@id":"https:\/\/www.tchas.cz\/nejen-nabytek\/#Article","mainEntityOfPage":"https:\/\/www.tchas.cz\/nejen-nabytek\/","headline":"Nejen n\u00e1bytek","name":"Nejen n\u00e1bytek","description":"Hled\u00e1te spole\u010dnost, kter\u00e1 V\u00e1m vylad\u00ed V\u00e1\u0161 domov k dokonalosti? Pak jste na\u0161li toho spr\u00e1vn\u00e9ho partnera..","datePublished":"2025-08-17","dateModified":"2025-08-17","author":{"@type":"Person","@id":"https:\/\/www.tchas.cz\/author\/#Person","name":"tchas.cz\n","url":"https:\/\/www.tchas.cz\/author\/","identifier":1,"image":{"@type":"ImageObject","@id":"https:\/\/secure.gravatar.com\/avatar\/1fd5b20daa9a47a1102459a7c733d369075d8cc724ab489feb8ed72c657d346e?s=96&d=mm&r=g","url":"https:\/\/secure.gravatar.com\/avatar\/1fd5b20daa9a47a1102459a7c733d369075d8cc724ab489feb8ed72c657d346e?s=96&d=mm&r=g","height":96,"width":96}},"publisher":{"@type":"Organization","name":"tchas.cz","logo":{"@type":"ImageObject","@id":"\/logo.png","url":"\/logo.png","width":600,"height":60}},"url":"https:\/\/www.tchas.cz\/nejen-nabytek\/","wordCount":170,"articleBody":"Hled\u00e1te spole\u010dnost, kter\u00e1 V\u00e1m vylad\u00ed V\u00e1\u0161 domov k dokonalosti? Pak jste na\u0161li toho spr\u00e1vn\u00e9ho partnera na realizaci Va\u0161eho snu dokonal\u00e9ho bydlen\u00ed. R\u00e1di V\u00e1m zrealizujeme kuchyn\u011b Plze\u0148 na zak\u00e1zku pro Va\u0161e nov\u00e9 kulin\u00e1\u0159sk\u00e9 kr\u00e1lovstv\u00ed. M\u016f\u017eete ale nav\u0161t\u00edvit i na\u0161i nov\u011b otev\u0159enou prodejnu, kde nab\u00edz\u00edme i dopl\u0148ky do bytu a interi\u00e9r\u016f. Vs\u00e1z\u00edme na kvalitu a profesionalitu, tak se nebojte vsadit na n\u00e1s. Je to spr\u00e1vn\u00e1 volba. Vyla\u010fte si domov Nemus\u00edte tak z\u016fstat jen u n\u00e1bytku, ale m\u016f\u017eete skv\u011ble sladit cel\u00fd interi\u00e9r. Nakupte si u n\u00e1s porcel\u00e1n, keramiku nebo prout\u011bn\u00e9 zbo\u017e\u00ed. Skv\u011ble se tak\u00e9 hod\u00ed vonn\u00e9 sv\u00ed\u010dky a esence nebo obaly na kv\u011btiny i s um\u011bl\u00fdmi kv\u011btinami. Budeme se t\u011b\u0161it na Va\u0161i n\u00e1v\u0161t\u011bvu a samoz\u0159ejm\u011b i na mo\u017enou realizaci Va\u0161\u00ed nov\u00e9 kuchyn\u011b Plze\u0148.                                                                                                                                                                                                                                                                                                                                                                                                "},{"@context":"https:\/\/schema.org\/","@type":"BreadcrumbList","itemListElement":[{"@type":"ListItem","position":1,"name":"Nejen n\u00e1bytek","item":"https:\/\/www.tchas.cz\/nejen-nabytek\/#breadcrumbitem"}]}]