[{"@context":"https:\/\/schema.org\/","@type":"Article","@id":"https:\/\/www.tchas.cz\/kdo-by-nechtel-zit-pod-vlastni-strechou\/#Article","mainEntityOfPage":"https:\/\/www.tchas.cz\/kdo-by-nechtel-zit-pod-vlastni-strechou\/","headline":"Kdo by necht\u011bl \u017e\u00edt pod vlastn\u00ed st\u0159echou?","name":"Kdo by necht\u011bl \u017e\u00edt pod vlastn\u00ed st\u0159echou?","description":"V\u017edy\u0165 pr\u00e1v\u011b vlastn\u00ed bydlen\u00ed je velk\u00fdm snem cel\u00e9 \u0159ady lid\u00ed. Jen\u017ee mnoho z nich sv\u00e9..","datePublished":"2020-01-04","dateModified":"2023-04-29","author":{"@type":"Person","@id":"https:\/\/www.tchas.cz\/author\/#Person","name":"tchas.cz\n","url":"https:\/\/www.tchas.cz\/author\/","identifier":1,"image":{"@type":"ImageObject","@id":"https:\/\/secure.gravatar.com\/avatar\/1fd5b20daa9a47a1102459a7c733d369075d8cc724ab489feb8ed72c657d346e?s=96&d=mm&r=g","url":"https:\/\/secure.gravatar.com\/avatar\/1fd5b20daa9a47a1102459a7c733d369075d8cc724ab489feb8ed72c657d346e?s=96&d=mm&r=g","height":96,"width":96}},"publisher":{"@type":"Organization","name":"tchas.cz","logo":{"@type":"ImageObject","@id":"\/logo.png","url":"\/logo.png","width":600,"height":60}},"image":{"@type":"ImageObject","@id":"https:\/\/www.tchas.cz\/wp-content\/uploads\/img_a374786_w1956_t1586428828.jpg","url":"https:\/\/www.tchas.cz\/wp-content\/uploads\/img_a374786_w1956_t1586428828.jpg","height":0,"width":0},"url":"https:\/\/www.tchas.cz\/kdo-by-nechtel-zit-pod-vlastni-strechou\/","about":["Bydlen\u00ed"],"wordCount":411,"articleBody":"           V\u017edy\u0165 pr\u00e1v\u011b vlastn\u00ed bydlen\u00ed je velk\u00fdm snem cel\u00e9 \u0159ady lid\u00ed. Jen\u017ee mnoho z nich sv\u00e9 velk\u00e9 p\u0159\u00e1n\u00ed nem\u016f\u017ee uskute\u010dnit, proto\u017ee na n\u011bj zkr\u00e1tka nem\u00e1 pen\u00edze. Realita je je\u0161t\u011b smutn\u011bj\u0161\u00ed \u2013 spousta lid\u00ed nem\u00e1 dostate\u010dn\u00fd p\u0159\u00edjem ani na to, aby si mohli vz\u00edt hypot\u00e9ku. Hypot\u00e9ka je dnes neodmyslitelnou sou\u010d\u00e1st\u00ed procesu po\u0159izov\u00e1n\u00ed vlastn\u00edho bydlen\u00ed. Jen\u017ee u\u017e ani na tu lid\u00e9 nedos\u00e1hnou, nebo\u0165 podm\u00ednky se st\u00e1le zp\u0159\u00eds\u0148uj\u00ed a ceny hypot\u00e9k na trhu rostou. Nicm\u00e9n\u011b situace je\u0161t\u011b nen\u00ed zoufal\u00e1. St\u00e1le m\u00e1te mo\u017enost, jak se dobrat k vlastn\u00ed st\u0159e\u0161e nad hlavou, ani\u017e byste za ni museli utratit jm\u011bn\u00ed anebo si vz\u00edt rizikovou p\u016fj\u010dku. St\u00e1le je tu pro v\u00e1s plnohodnotn\u00fd typ bydlen\u00ed \u2013 jsou zde mobiln\u00ed domy od Top-mobiln\u00eddomy. \u017divot pod st\u0159echou takov\u00e9ho domu se nijak neli\u0161\u00ed od \u017eivota v mal\u00e9m m\u011bstsk\u00e9m byt\u011b. Tedy pokud jde o vnit\u0159n\u00ed vybaven\u00ed, podlahovou plochu, energie, a tak podobn\u011b. Naopak kdy\u017e vyjdete ven, tak pozn\u00e1te rozd\u00edl prakticky okam\u017eit\u011b. M\u00edsto na spole\u010dn\u00e9 chodb\u011b a vedle byt\u016f soused\u016f se ocitnete  https:\/\/xman.idnes.cz\/Foto.aspx%3Fr%3Dxman-styl%26foto1%3DFRO38f0aa_profimedia_0012597993.jpg na vlastn\u00ed zahrad\u011b, zkr\u00e1tka na vlastn\u00edm pozemku. A v\u011b\u0159te tomu, \u017ee bez soused\u016f za zd\u00ed se \u017eije mnohem l\u00e9pe. Jestli\u017ee se chcete o mobilheimech, jejich proveden\u00ed, mo\u017enostech a vzhledu dozv\u011bd\u011bt v\u00edce, tak nev\u00e1hejte nav\u0161t\u00edvit centrum vzorov\u00fdch staveb p\u0159\u00edmo v are\u00e1lu v\u00fdrobce. Tam najdete jasn\u00e9 odpov\u011bdi na ve\u0161ker\u00e9 ot\u00e1zky, kter\u00e9 v\u00e1s mo\u017en\u00e1 napadaj\u00ed. Hladk\u00fd pr\u016fb\u011bh stavby bez zbyte\u010dn\u00fdch komplikac\u00ed Takovou stavbu si m\u016f\u017eete po\u0159\u00eddit naprosto hladce, stejn\u011b, jako byste si kupovali byt. Vznik\u00e1 v are\u00e1lu v\u00fdrobce, tak\u017ee \u017e\u00e1dn\u00e9 klasick\u00e9 stavebn\u00ed t\u011b\u017ekosti ne\u010dekejte. Jakmile bude hotov\u00e1, tak ji na kone\u010dn\u00e9 m\u00edsto p\u0159iveze speci\u00e1ln\u00ed vozidlo a vy se m\u016f\u017eete rovnou nast\u011bhovat. Tak snadn\u00e9 to je, kdy\u017e m\u00e1te vlastn\u00ed d\u016fm bez pevn\u00fdch z\u00e1klad\u016f spojen\u00fdch se zem\u00ed! A m\u00e1 to je\u0161t\u011b dal\u0161\u00ed v\u00fdhodu \u2013 jakmile se budete cht\u00edt p\u0159est\u011bhovat, m\u016f\u017eete vz\u00edt sv\u00e9 s\u00eddlo s sebou, kamkoli jen budete cht\u00edt.                                                                                                                                                                                                                                                                                                                                                                                          5\/5 - (6 votes)        "},{"@context":"https:\/\/schema.org\/","@type":"BreadcrumbList","itemListElement":[{"@type":"ListItem","position":1,"name":"Kdo by necht\u011bl \u017e\u00edt pod vlastn\u00ed st\u0159echou?","item":"https:\/\/www.tchas.cz\/kdo-by-nechtel-zit-pod-vlastni-strechou\/#breadcrumbitem"}]}]