[{"@context":"https:\/\/schema.org\/","@type":"Article","@id":"https:\/\/www.tchas.cz\/den-pro-sebe\/#Article","mainEntityOfPage":"https:\/\/www.tchas.cz\/den-pro-sebe\/","headline":"Den pro sebe","name":"Den pro sebe","description":"Ka\u017ed\u00e1 osoba pot\u0159ebuje \u010das od \u010dasu den pro sebe. Je to proto, \u017ee mus\u00edte sv\u00e9mu..","datePublished":"2025-06-11","dateModified":"2025-06-11","author":{"@type":"Person","@id":"https:\/\/www.tchas.cz\/author\/#Person","name":"tchas.cz\n","url":"https:\/\/www.tchas.cz\/author\/","identifier":1,"image":{"@type":"ImageObject","@id":"https:\/\/secure.gravatar.com\/avatar\/1fd5b20daa9a47a1102459a7c733d369075d8cc724ab489feb8ed72c657d346e?s=96&d=mm&r=g","url":"https:\/\/secure.gravatar.com\/avatar\/1fd5b20daa9a47a1102459a7c733d369075d8cc724ab489feb8ed72c657d346e?s=96&d=mm&r=g","height":96,"width":96}},"publisher":{"@type":"Organization","name":"tchas.cz","logo":{"@type":"ImageObject","@id":"\/logo.png","url":"\/logo.png","width":600,"height":60}},"image":{"@type":"ImageObject","@id":"https:\/\/www.tchas.cz\/wp-content\/uploads\/chanel-4743979_640.jpg","url":"https:\/\/www.tchas.cz\/wp-content\/uploads\/chanel-4743979_640.jpg","height":0,"width":0},"url":"https:\/\/www.tchas.cz\/den-pro-sebe\/","about":["Business"],"wordCount":521,"articleBody":"       Ka\u017ed\u00e1 osoba pot\u0159ebuje \u010das od \u010dasu den pro sebe. Je to proto, \u017ee mus\u00edte sv\u00e9mu t\u011blu a sv\u00e9 mysli ob\u010das uk\u00e1zat, \u017ee ho milujete a postarat se o n\u011bj, proto\u017ee je to pot\u0159eba. Rozhodn\u011b nen\u00ed hezk\u00e9, abyste se zanedb\u00e1vali, kdy\u017e se dok\u00e1\u017eete starat o lidi kolem v\u00e1s. Postarat se s\u00e1m o sebe by pro v\u00e1s nem\u011bl b\u00fdt a\u017e takov\u00fd probl\u00e9m. Samoz\u0159ejm\u011b je t\u011b\u017ek\u00e9 si naj\u00edt pot\u0159ebn\u00fd \u010das, ale bez toho \u010dasu to nejde a bez dne pro sebe budete jako ryba na suchu. Nezapome\u0148te na to, \u017ee to pot\u0159ebujete pro sv\u00e9 psychick\u00e9 zdrav\u00ed, ale samoz\u0159ejm\u011b tak\u00e9 pro sv\u00e9 zdrav\u00ed fyzick\u00e9. \u010cas od \u010dasu si ka\u017ed\u00fd mus\u00ed zaj\u00edt k barberovi v Praze, proto\u017ee si o v\u00e1s lid\u00e9 za\u010dnou myslet, \u017ee o sebe nedb\u00e1te. To ov\u0161em neznamen\u00e1, \u017ee to d\u011bl\u00e1te pro ostatn\u00ed, ale d\u011bl\u00e1te to hlavn\u011b pro sebe, abyste se vy ve sv\u00e9m t\u011ble c\u00edtili dob\u0159e a byli s n\u00edm spokojen\u00ed. Jak si takov\u00fd den pro sebe uspo\u0159\u00e1dat? Nejprve je d\u016fle\u017eit\u00e9 si d\u00e1t pravidlo, \u017ee v\u0161e, co v\u00e1s v ten den napadne, ud\u011bl\u00e1te. A to plat\u00ed i pro kupov\u00e1n\u00ed v\u011bc\u00ed v obchodech. Pokud se v\u00e1m n\u011bco zal\u00edb\u00ed, zkr\u00e1tka si to kupte, proto\u017ee jindy byste to pro sebe neud\u011blali a kdy jindy si n\u011bco koupit ne\u017e ve dni pro sebe. Den si uspo\u0159\u00e1dejte tak, a\u0165 m\u00e1te v pr\u00e1ci \u010di ve \u0161kole volno a a\u0165 je to opravdu den. Pokud takov\u00fd \u010das z n\u011bjak\u00e9ho d\u016fvodu nem\u00e1te, zkuste si vyhradit alespo\u0148 p\u00e1r hodin, po\u0159\u00e1d je to lep\u0161\u00ed ne\u017e nic, \u017ee ano. Tento den je pak dobr\u00e9 si uspo\u0159\u00e1dat hlavn\u011b podle toho, co vyhovuje v\u00e1m. Pokud r\u00e1di tr\u00e1v\u00edte \u010das sami, bu\u010fte sami, ale pokud milujete p\u0159\u00edtomnost n\u011bjak\u00e9 dal\u0161\u00ed osoby \u010di zv\u00ed\u0159ete, rozhodn\u011b nev\u00e1hejte a bu\u010fte s n\u00edm. Je to den o v\u00e1s, tak\u017ee ale zapome\u0148te na to, \u017ee se budete starat o ostatn\u00ed lidi. Myslete tak\u00e9 trochu na sebe. Je dobr\u00e9 za\u010d\u00edt den n\u011bjakou hezkou sn\u00eddan\u00ed, kter\u00e1 v\u00e1m d\u011bl\u00e1 radost. Nemus\u00ed to b\u00fdt nutn\u011b anglick\u00e1 sn\u00eddan\u011b, pokud nem\u00e1te r\u00e1di tu\u010dn\u00e1 j\u00eddla. Klidn\u011b si ud\u011blejte chia pudink, pokud v\u00e1m chutn\u00e1 a d\u011bl\u00e1 v\u00e1m radost. T\u00edmhle hezky nastartujete sv\u016fj den. Dal\u0161\u00ed v\u011bc je zajet si nap\u0159\u00edklad k v\u00fd\u0161e zm\u00edn\u011bn\u00e9mu kade\u0159n\u00edkovi, na kosmetiku, manik\u00faru, pedik\u00faru, na mas\u00e1\u017e a podobn\u011b. M\u016f\u017eete si zaj\u00edt tak\u00e9 na n\u00e1kupy, kupte si n\u011bco dobr\u00e9ho na ob\u011bd. Zajd\u011bte si do kav\u00e1rny s kamar\u00e1dkou, do kina, na proch\u00e1zku, zasportovat. Zkr\u00e1tka to, co m\u00e1te r\u00e1di. A to v\u00e1m ud\u011bl\u00e1 nejv\u011bt\u0161\u00ed radost.                                                                                                                                                                                                                                                                                                                                                                                          4.2\/5 - (9 votes)        "},{"@context":"https:\/\/schema.org\/","@type":"BreadcrumbList","itemListElement":[{"@type":"ListItem","position":1,"name":"Den pro sebe","item":"https:\/\/www.tchas.cz\/den-pro-sebe\/#breadcrumbitem"}]}]